[{"@context":"https:\/\/schema.org\/","@type":"Article","@id":"https:\/\/www.sssdfm.cz\/lidr-v-eleganci-calvin-klein\/#Article","mainEntityOfPage":"https:\/\/www.sssdfm.cz\/lidr-v-eleganci-calvin-klein\/","headline":"L\u00eddr v eleganci \u2013 Calvin Klein","name":"L\u00eddr v eleganci \u2013 Calvin Klein","description":"U\u017e d\u00e1vno neplat\u00ed, \u017ee mu\u017ei se nezaj\u00edmaj\u00ed o m\u00f3du. V dne\u0161n\u00ed dob\u011b je tomu pr\u00e1v\u011b naopak a v\u011bt\u0161ina mlad\u00edk\u016f ve va\u0161em okol\u00ed se sna\u017e\u00ed vypadat trendy a stylov\u011b. Dokonce i star\u0161\u00ed generace se dost\u00e1vaj\u00ed \u010d\u00edm d\u00e1l v\u00edce do pop\u0159ed\u00ed. Pr\u00e1v\u011b proto na tuto situaci zareagovala \u0159ada zna\u010dek, kter\u00e9 p\u0159ich\u00e1z\u00ed nad trh se zaj\u00edmav\u00fdmi inovacemi a &hellip; <p class=\"link-more\"><a href=\"https:\/\/www.sssdfm.cz\/lidr-v-eleganci-calvin-klein\/\" class=\"more-link\">Pokra\u010dovat ve \u010dten\u00ed<span class=\"screen-reader-text\"> \"L\u00eddr v eleganci \u2013 Calvin Klein\"<\/span><\/a><\/p>","datePublished":"2017-09-11","dateModified":"2023-04-29","author":{"@type":"Person","@id":"https:\/\/www.sssdfm.cz\/author\/#Person","name":"sssdfm.cz\n","url":"https:\/\/www.sssdfm.cz\/author\/","identifier":1,"image":{"@type":"ImageObject","@id":"https:\/\/secure.gravatar.com\/avatar\/f2ab007ed309e3d84abcf4139c5580b2bc94c721f9294eeb027f25de56e0a35e?s=96&d=mm&r=g","url":"https:\/\/secure.gravatar.com\/avatar\/f2ab007ed309e3d84abcf4139c5580b2bc94c721f9294eeb027f25de56e0a35e?s=96&d=mm&r=g","height":96,"width":96}},"publisher":{"@type":"Organization","name":"sssdfm.cz","logo":{"@type":"ImageObject","@id":"\/logo.png","url":"\/logo.png","width":600,"height":60}},"image":{"@type":"ImageObject","@id":"https:\/\/www.sssdfm.cz\/wp-content\/uploads\/img_a298511_w2081_t1508844105.jpg","url":"https:\/\/www.sssdfm.cz\/wp-content\/uploads\/img_a298511_w2081_t1508844105.jpg","height":0,"width":0},"url":"https:\/\/www.sssdfm.cz\/lidr-v-eleganci-calvin-klein\/","about":["N\u00e1kupy"],"wordCount":447,"articleBody":" U\u017e d\u00e1vno neplat\u00ed, \u017ee mu\u017ei se nezaj\u00edmaj\u00ed o m\u00f3du. V dne\u0161n\u00ed dob\u011b je tomu pr\u00e1v\u011b naopak a v\u011bt\u0161ina mlad\u00edk\u016f ve va\u0161em okol\u00ed se sna\u017e\u00ed vypadat trendy a stylov\u011b. Dokonce i star\u0161\u00ed generace se dost\u00e1vaj\u00ed \u010d\u00edm d\u00e1l v\u00edce do pop\u0159ed\u00ed. Pr\u00e1v\u011b proto na tuto situaci zareagovala \u0159ada zna\u010dek, kter\u00e9 p\u0159ich\u00e1z\u00ed nad trh se zaj\u00edmav\u00fdmi inovacemi a m\u00f3dn\u00edmi trendy. Kol\u00e9bkou t\u00e9to zna\u010dky je New York, m\u011bsto nep\u0159ebern\u00fdch mo\u017enost\u00ed a styl\u016f nejen na poli m\u00f3dn\u00edho pr\u016fmyslu. Zalo\u017eil ji americk\u00fd n\u00e1vrh\u00e1\u0159 s ma\u010farsk\u00fdmi ko\u0159eny, kter\u00fd na trh vtrhl se svou provokativnost\u00ed, minimalismem a barevnou r\u016fznorodost\u00ed.Sonda do historie Rok 1968 byl pr\u00e1v\u011b pro tuto zna\u010dku p\u0159elomov\u00fdm. Jej\u00ed za\u010d\u00e1tky odstartoval obchod s kab\u00e1ty, kter\u00e9 uk\u00e1zal prvn\u00ed kolekci pro \u017eeny i mu\u017ee. O rok pozd\u011bji se netradi\u010dn\u00ed n\u00e1vrhy dostaly na ob\u00e1lku presti\u017en\u00edho \u010dasopisu Vogue a n\u00e1sledn\u011b roz\u0161\u00ed\u0159ili zejm\u00e9na d\u00e1mskou sekci o sportovn\u00ed m\u00f3du, klasick\u00e1 saka nebo spodn\u00ed pr\u00e1dlo. Calvin Klein dlouho ne\u010dekal ani na \u0159adu ocen\u011bn\u00ed a jeho obrat se brzy \u0161plhal do v\u00fd\u0161e des\u00edtek milion\u016f dolar\u016f. Koncem sedmdes\u00e1t\u00fdch let se do zorn\u00e9ho pole protla\u010dila p\u0159edev\u0161\u00edm p\u00e1nsk\u00e1 m\u00f3da. M\u00edt trenky calvin klein pat\u0159ilo k ur\u010dit\u00e9mu spole\u010densk\u00e9mu statusu.Co je na n\u011bm tak zvl\u00e1\u0161tn\u00edhoNejv\u011bt\u0161\u00ed p\u0159ednost\u00ed t\u00e9to zna\u010dky je \u201eunisex oble\u010den\u00ed\u201c, kter\u00e9 mohou nosit mu\u017ei i \u017eeny bez rozd\u00edlu. Dokonce tu najdeme i \u0159adu parf\u00e9m\u016f a kol\u00ednsk\u00fdch v d\u00e1msk\u00e9 i p\u00e1nsk\u00e9 variant\u011b, kter\u00e9 u\u010darovaly nejen hv\u011bzd\u00e1m st\u0159\u00edbrn\u00e9ho pl\u00e1tna. S touto zna\u010dkou je spojena tak\u00e9 \u0159ada osobnost\u00ed, kter\u00e9 ji propaguj\u00ed, ale zejm\u00e9na nos\u00ed i ve sv\u00e9m voln\u00e9m \u010dase. Pat\u0159\u00ed sem nap\u0159\u00edklad Kate Moss, Mark Wahlberg, David Backham nebo Scarlett Johansson. Samoz\u0159ejm\u011b se mus\u00edte p\u0159ipravit tak\u00e9 na to, \u017ee kvalit\u011b a jm\u00e9nu bude odpov\u00eddat tak\u00e9 cena. Rozhodn\u011b si d\u00e1vejte pozor p\u0159edev\u0161\u00edm na n\u00e1kupy po internetu, bohu\u017eel se u \u0159ady zna\u010dek setk\u00e1te s celkem poveden\u00fdmi falzifik\u00e1ty, kter\u00e9 je um\u00ed napodobit do nejmen\u0161\u00edch detail\u016f. Rad\u011bji nav\u0161tivte kamennou prodejnu, kter\u00e1 v\u00e1m nab\u00eddne prav\u00e9 kousky jemn\u00e9ho pr\u00e1dla pro v\u00e1s i va\u0161eho mil\u00e1\u010dka. Kone\u010dn\u011b budete m\u00edt takov\u00fd klenot i ve va\u0161\u00ed sk\u0159\u00edni.                                                                                                                                                                                                                                                                                                                                                                                        4\/5 - (9 votes)        "},{"@context":"https:\/\/schema.org\/","@type":"BreadcrumbList","itemListElement":[{"@type":"ListItem","position":1,"name":"L\u00eddr v eleganci \u2013 Calvin Klein","item":"https:\/\/www.sssdfm.cz\/lidr-v-eleganci-calvin-klein\/#breadcrumbitem"}]}]